{"id":1036,"date":"2020-10-09T15:32:21","date_gmt":"2020-10-09T13:32:21","guid":{"rendered":"https:\/\/craftor.se\/?p=1036"},"modified":"2020-10-09T15:34:17","modified_gmt":"2020-10-09T13:34:17","slug":"johannes-olsson-ar-arets-projektledare-2020","status":"publish","type":"post","link":"https:\/\/craftor.se\/en\/johannes-olsson-ar-arets-projektledare-2020\/","title":{"rendered":"Johannes Olsson; \u00c5rets Projektledare 2020"},"content":{"rendered":"<p>Ig\u00e5r tog v\u00e5r projektledare Johannes Olsson (PG13 Stationer Sydv\u00e4st) emot COWIs utm\u00e4rkelse till \u00c5rets Projektledare inom samh\u00e4llsbyggnad.<\/p>\n\n\n\n<p>COWI delar \u00e5rligen ut pris till \u00c5rets Projektledare inom samh\u00e4llsbyggnad. Syftet med priset \u00e4r att synligg\u00f6ra projektledarens viktiga roll inom samh\u00e4llsbyggnad och det g\u00e5r till den person som \u00e4r en stj\u00e4rna p\u00e5 att leda team, jobbar f\u00f6r goda aff\u00e4rer och har ett brinnande intresse f\u00f6r h\u00e5llbar samh\u00e4llsutveckling. Ni kan l\u00e4sa mer om priset samt en intervju med Johannes h\u00e4r: <a href=\"https:\/\/bit.ly\/3iJl0HQ\" target=\"_blank\" rel=\"noopener\">https:\/\/bit.ly\/3iJl0HQ<\/a><\/p>\n\n\n\n<figure class=\"wp-block-image size-large\"><img fetchpriority=\"high\" decoding=\"async\" width=\"1600\" height=\"1067\" src=\"https:\/\/media.craftor.se\/2020\/10\/Johannes-2-1600x1067.jpg\" alt=\"\" class=\"wp-image-1037\" srcset=\"https:\/\/craftor.se\/wp-content\/uploads\/2020\/10\/Johannes-2-1600x1067.jpg 1600w, https:\/\/craftor.se\/wp-content\/uploads\/2020\/10\/Johannes-2-640x427.jpg 640w, https:\/\/craftor.se\/wp-content\/uploads\/2020\/10\/Johannes-2-768x512.jpg 768w, https:\/\/craftor.se\/wp-content\/uploads\/2020\/10\/Johannes-2-1536x1024.jpg 1536w, https:\/\/craftor.se\/wp-content\/uploads\/2020\/10\/Johannes-2-2048x1366.jpg 2048w, https:\/\/craftor.se\/wp-content\/uploads\/2020\/10\/Johannes-2-1920x1280.jpg 1920w, https:\/\/craftor.se\/wp-content\/uploads\/2020\/10\/Johannes-2-1024x683.jpg 1024w\" sizes=\"(max-width: 1600px) 100vw, 1600px\" \/><\/figure>\n\n\n\n<p>Vi \u00e4r otroligt stolta och \u00f6nskar Johannes ett Stort Grattis!<\/p>","protected":false},"excerpt":{"rendered":"<p>Ig\u00e5r tog v\u00e5r projektledare Johannes Olsson (PG13 Stationer Sydv\u00e4st) emot COWIs utm\u00e4rkelse till \u00c5rets Projektledare inom samh\u00e4llsbyggnad. COWI delar \u00e5rligen ut pris till \u00c5rets Projektledare inom samh\u00e4llsbyggnad. Syftet med priset \u00e4r att synligg\u00f6ra projektledarens viktiga roll inom samh\u00e4llsbyggnad och det g\u00e5r till den person som \u00e4r en stj\u00e4rna p\u00e5 att leda team, jobbar f\u00f6r goda [&hellip;]<\/p>","protected":false},"author":1,"featured_media":1033,"comment_status":"closed","ping_status":"closed","sticky":false,"template":"","format":"standard","meta":{"_acf_changed":false,"footnotes":""},"categories":[27],"tags":[],"class_list":["post-1036","post","type-post","status-publish","format-standard","has-post-thumbnail","hentry","category-aktuellt"],"acf":[],"_links":{"self":[{"href":"https:\/\/craftor.se\/en\/wp-json\/wp\/v2\/posts\/1036","targetHints":{"allow":["GET"]}}],"collection":[{"href":"https:\/\/craftor.se\/en\/wp-json\/wp\/v2\/posts"}],"about":[{"href":"https:\/\/craftor.se\/en\/wp-json\/wp\/v2\/types\/post"}],"author":[{"embeddable":true,"href":"https:\/\/craftor.se\/en\/wp-json\/wp\/v2\/users\/1"}],"replies":[{"embeddable":true,"href":"https:\/\/craftor.se\/en\/wp-json\/wp\/v2\/comments?post=1036"}],"version-history":[{"count":0,"href":"https:\/\/craftor.se\/en\/wp-json\/wp\/v2\/posts\/1036\/revisions"}],"wp:featuredmedia":[{"embeddable":true,"href":"https:\/\/craftor.se\/en\/wp-json\/wp\/v2\/media\/1033"}],"wp:attachment":[{"href":"https:\/\/craftor.se\/en\/wp-json\/wp\/v2\/media?parent=1036"}],"wp:term":[{"taxonomy":"category","embeddable":true,"href":"https:\/\/craftor.se\/en\/wp-json\/wp\/v2\/categories?post=1036"},{"taxonomy":"post_tag","embeddable":true,"href":"https:\/\/craftor.se\/en\/wp-json\/wp\/v2\/tags?post=1036"}],"curies":[{"name":"wp","href":"https:\/\/api.w.org\/{rel}","templated":true}]}}