{"id":140,"date":"2019-08-26T08:37:07","date_gmt":"2019-08-26T06:37:07","guid":{"rendered":"https:\/\/craftor.se\/?p=140"},"modified":"2019-09-25T16:47:45","modified_gmt":"2019-09-25T14:47:45","slug":"otera-ar-numera-craftor","status":"publish","type":"post","link":"https:\/\/craftor.se\/en\/otera-ar-numera-craftor\/","title":{"rendered":"Otera Ratel blir Craftor"},"content":{"rendered":"<p><strong>Nytt namn, men samma f\u00f6retag. I slutet av augusti byter vi f\u00f6retagsnamn till Craftor AB, men vi \u00e4r fortfarande samma f\u00f6retag med samma verksamhet. Tillsammans med er som kunder och leverant\u00f6rer forts\u00e4tter vi att bygga och underh\u00e5lla eln\u00e4t i v\u00e4rldsklass.&nbsp;<\/strong><\/p>\n\n\n\n<p>Bakgrunden till namnbytet \u00e4r att v\u00e5r majoritets\u00e4gare, Agder Energi i Norge, har s\u00e5lt den norska delen av Otera och d\u00e4rmed ocks\u00e5 r\u00e4ttigheterna till varum\u00e4rket. F\u00f6r oss i Sverige \u00e4r namnbytet den enda f\u00f6r\u00e4ndringen som sker och vi forts\u00e4tter tillsammans med v\u00e5ra stabila \u00e4gare att l\u00e5ngsiktigt utveckla f\u00f6retaget och verksamheten, men bara under nytt namn och ny grafisk profil. Som Craftor har vi ocks\u00e5 \u00e4nnu st\u00f6rre m\u00f6jligheter att forts\u00e4tta att etablera oss som den ledande kraftentrepren\u00f6ren i Sverige, naturligtvis tillsammans med er.<\/p>\n\n\n\n<p> Varmt v\u00e4lkomna till Craftor AB \u2013 vi lovar att ni kommer att k\u00e4nna igen oss.<\/p>\n\n\n\n<p>H\u00e4lsningar<\/p>\n\n\n\n<figure class=\"wp-block-image is-resized\"><img decoding=\"async\" src=\"https:\/\/media.craftor.se\/2019\/09\/sign-klas-urban-640x312.png\" alt=\"\" class=\"wp-image-141\" width=\"176\" height=\"85\" srcset=\"https:\/\/craftor.se\/wp-content\/uploads\/2019\/09\/sign-klas-urban-640x312.png 640w, https:\/\/craftor.se\/wp-content\/uploads\/2019\/09\/sign-klas-urban-768x375.png 768w, https:\/\/craftor.se\/wp-content\/uploads\/2019\/09\/sign-klas-urban.png 951w\" sizes=\"(max-width: 176px) 100vw, 176px\" \/><\/figure>\n\n\n\n<p><strong>Klas Urban Hilberth, VD<\/strong><\/p>\n\n\n\n<p class=\"has-small-font-size\">P.S. Namnet Craftor \u00e4r en ordlek mellan orden Craft, Kraft och Tor. ds (<em>Craft = Craftmanship, hantverksskicklighet Kraft = Styrka, energi Tor = Nordiska mytologins kraftfulla Gud om vars hammare det sl\u00e5r blixtar\/elektricitet.)&nbsp;<\/em><\/p>","protected":false},"excerpt":{"rendered":"<p>Nytt namn, men samma f\u00f6retag. I slutet av augusti byter vi f\u00f6retagsnamn till Craftor AB, men vi \u00e4r fortfarande samma f\u00f6retag med samma verksamhet. Tillsammans med er som kunder och leverant\u00f6rer forts\u00e4tter vi att bygga och underh\u00e5lla eln\u00e4t i v\u00e4rldsklass.&nbsp; Bakgrunden till namnbytet \u00e4r att v\u00e5r majoritets\u00e4gare, Agder Energi i Norge, har s\u00e5lt den norska [&hellip;]<\/p>","protected":false},"author":3,"featured_media":155,"comment_status":"closed","ping_status":"closed","sticky":false,"template":"","format":"standard","meta":{"_acf_changed":false,"footnotes":""},"categories":[27],"tags":[23],"class_list":["post-140","post","type-post","status-publish","format-standard","has-post-thumbnail","hentry","category-aktuellt","tag-nyhet"],"acf":[],"_links":{"self":[{"href":"https:\/\/craftor.se\/en\/wp-json\/wp\/v2\/posts\/140","targetHints":{"allow":["GET"]}}],"collection":[{"href":"https:\/\/craftor.se\/en\/wp-json\/wp\/v2\/posts"}],"about":[{"href":"https:\/\/craftor.se\/en\/wp-json\/wp\/v2\/types\/post"}],"author":[{"embeddable":true,"href":"https:\/\/craftor.se\/en\/wp-json\/wp\/v2\/users\/3"}],"replies":[{"embeddable":true,"href":"https:\/\/craftor.se\/en\/wp-json\/wp\/v2\/comments?post=140"}],"version-history":[{"count":0,"href":"https:\/\/craftor.se\/en\/wp-json\/wp\/v2\/posts\/140\/revisions"}],"wp:featuredmedia":[{"embeddable":true,"href":"https:\/\/craftor.se\/en\/wp-json\/wp\/v2\/media\/155"}],"wp:attachment":[{"href":"https:\/\/craftor.se\/en\/wp-json\/wp\/v2\/media?parent=140"}],"wp:term":[{"taxonomy":"category","embeddable":true,"href":"https:\/\/craftor.se\/en\/wp-json\/wp\/v2\/categories?post=140"},{"taxonomy":"post_tag","embeddable":true,"href":"https:\/\/craftor.se\/en\/wp-json\/wp\/v2\/tags?post=140"}],"curies":[{"name":"wp","href":"https:\/\/api.w.org\/{rel}","templated":true}]}}