{"id":1450,"date":"2021-10-05T12:40:06","date_gmt":"2021-10-05T10:40:06","guid":{"rendered":"https:\/\/craftor.se\/?p=1450"},"modified":"2021-10-05T12:40:52","modified_gmt":"2021-10-05T10:40:52","slug":"henrik-bolinder-ny-vd-pa-craftor","status":"publish","type":"post","link":"https:\/\/craftor.se\/en\/henrik-bolinder-ny-vd-pa-craftor\/","title":{"rendered":"Henrik Bolinder ny VD p\u00e5 Craftor"},"content":{"rendered":"<p>Efter 12 \u00e5r som VD p\u00e5 Craftor \u00e4r det dags f\u00f6r Klas-Urban att l\u00e4mna VD-rollen f\u00f6r att i st\u00e4llet arbeta med strategifr\u00e5gor centralt inom Eledakoncernen.<\/p>\n\n\n\n<p>Som ny VD f\u00f6r Craftor har fr\u00e5n och med 1 oktober Henrik Bolinder utsetts.&nbsp;<\/p>\n\n\n\n<p>&#8211; <em>Det \u00e4r otroligt roligt att med \u00e4garnas f\u00f6rtroende f\u00e5 m\u00f6jlighet att axla rollen som VD p\u00e5 Craftor. Med stor entusiasm och \u00f6dmjukhet ser jag fram emot att, tillsammans med v\u00e5ra medarbetare, forts\u00e4tta utveckla och f\u00f6ra Craftor fram\u00e5t, s\u00e4ger Henrik.&nbsp;<\/em><\/p>\n\n\n\n<p>Henrik har arbetat p\u00e5 Craftor sedan 2014 b\u00e5de som Aff\u00e4rsomr\u00e5deschef och senast i rollen som Operations. Nu ser vi fram emot att se honom ta sig an rollen som VD. <\/p>\n\n\n\n<p>&#8211; <em>Det har varit en stor ynnest att f\u00e5 arbeta p\u00e5 Craftor tillsammans med v\u00e5ra drivna medarbetare, kunniga leverant\u00f6rer och engagerade kunder.<\/em> <em>Jag vill fr\u00e5n botten av mitt hj\u00e4rta rikta ett stort tack till er alla f\u00f6r allt och f\u00f6r den h\u00e4r tiden. Det k\u00e4nns fantastiskt kul och tryggt att Henrik nu tar \u00f6ver, s\u00e4ger tidigare VD Klas-Urban Hilberth.&nbsp;<\/em><\/p>\n\n\n\n<figure class=\"wp-block-image size-large\"><img fetchpriority=\"high\" decoding=\"async\" width=\"1200\" height=\"1600\" src=\"https:\/\/media.craftor.se\/2021\/10\/Henrik-Bolinder-VD-1200x1600.jpg\" alt=\"\" class=\"wp-image-1451\" srcset=\"https:\/\/craftor.se\/wp-content\/uploads\/2021\/10\/Henrik-Bolinder-VD-1200x1600.jpg 1200w, https:\/\/craftor.se\/wp-content\/uploads\/2021\/10\/Henrik-Bolinder-VD-480x640.jpg 480w, https:\/\/craftor.se\/wp-content\/uploads\/2021\/10\/Henrik-Bolinder-VD-768x1024.jpg 768w, https:\/\/craftor.se\/wp-content\/uploads\/2021\/10\/Henrik-Bolinder-VD-1152x1536.jpg 1152w, https:\/\/craftor.se\/wp-content\/uploads\/2021\/10\/Henrik-Bolinder-VD-1536x2048.jpg 1536w, https:\/\/craftor.se\/wp-content\/uploads\/2021\/10\/Henrik-Bolinder-VD-1440x1920.jpg 1440w, https:\/\/craftor.se\/wp-content\/uploads\/2021\/10\/Henrik-Bolinder-VD-scaled.jpg 1920w\" sizes=\"(max-width: 1200px) 100vw, 1200px\" \/><\/figure>","protected":false},"excerpt":{"rendered":"<p>Efter 12 \u00e5r som VD p\u00e5 Craftor \u00e4r det dags f\u00f6r Klas-Urban att l\u00e4mna VD-rollen f\u00f6r att i st\u00e4llet arbeta med strategifr\u00e5gor centralt inom Eledakoncernen. Som ny VD f\u00f6r Craftor har fr\u00e5n och med 1 oktober Henrik Bolinder utsetts.&nbsp; &#8211; Det \u00e4r otroligt roligt att med \u00e4garnas f\u00f6rtroende f\u00e5 m\u00f6jlighet att axla rollen som VD [&hellip;]<\/p>","protected":false},"author":1,"featured_media":1451,"comment_status":"closed","ping_status":"closed","sticky":false,"template":"","format":"standard","meta":{"_acf_changed":false,"footnotes":""},"categories":[27],"tags":[],"class_list":["post-1450","post","type-post","status-publish","format-standard","has-post-thumbnail","hentry","category-aktuellt"],"acf":[],"_links":{"self":[{"href":"https:\/\/craftor.se\/en\/wp-json\/wp\/v2\/posts\/1450","targetHints":{"allow":["GET"]}}],"collection":[{"href":"https:\/\/craftor.se\/en\/wp-json\/wp\/v2\/posts"}],"about":[{"href":"https:\/\/craftor.se\/en\/wp-json\/wp\/v2\/types\/post"}],"author":[{"embeddable":true,"href":"https:\/\/craftor.se\/en\/wp-json\/wp\/v2\/users\/1"}],"replies":[{"embeddable":true,"href":"https:\/\/craftor.se\/en\/wp-json\/wp\/v2\/comments?post=1450"}],"version-history":[{"count":0,"href":"https:\/\/craftor.se\/en\/wp-json\/wp\/v2\/posts\/1450\/revisions"}],"wp:featuredmedia":[{"embeddable":true,"href":"https:\/\/craftor.se\/en\/wp-json\/wp\/v2\/media\/1451"}],"wp:attachment":[{"href":"https:\/\/craftor.se\/en\/wp-json\/wp\/v2\/media?parent=1450"}],"wp:term":[{"taxonomy":"category","embeddable":true,"href":"https:\/\/craftor.se\/en\/wp-json\/wp\/v2\/categories?post=1450"},{"taxonomy":"post_tag","embeddable":true,"href":"https:\/\/craftor.se\/en\/wp-json\/wp\/v2\/tags?post=1450"}],"curies":[{"name":"wp","href":"https:\/\/api.w.org\/{rel}","templated":true}]}}