{"id":1602,"date":"2021-12-21T13:42:56","date_gmt":"2021-12-21T11:42:56","guid":{"rendered":"https:\/\/craftor.se\/?p=1602"},"modified":"2021-12-22T09:42:35","modified_gmt":"2021-12-22T07:42:35","slug":"craftor-bygger-en-gyllene-station","status":"publish","type":"post","link":"https:\/\/craftor.se\/en\/craftor-bygger-en-gyllene-station\/","title":{"rendered":"Craftor bygger en gyllene station"},"content":{"rendered":"<p>Sedan maj 2020 ha projektet p\u00e5g\u00e5tt i Gubb\u00e4ngen d\u00e4r vi byggt en ny station \u00e5t v\u00e5r kund Ellevio. Idag st\u00e5r en f\u00e4rdig station redo att kopplas in i eln\u00e4tet!<\/p>\n\n\n\n<p>Syftet med stationen \u00e4r att hj\u00e4lpa Stockholms s\u00f6derf\u00f6rorter med framtidens elf\u00f6rs\u00f6rjning. Stationen avlastar andra stationer i omr\u00e5det och minskar risken f\u00f6r str\u00f6mavbrott. <\/p>\n\n\n\n<p>I det h\u00e4r projektet har vi samarbetat \u00f6ver avdelningsgr\u00e4nserna p\u00e5 Craftor d\u00e4r samtliga av v\u00e5ra avdelningar Stationer, Ledningar och Distribution \u00e4r inblandade f\u00f6r att ro projektet i hamn. P\u00e5 grund av projektets storlek samt integreringen mellan de olika avdelningarna s\u00e5 har projektet drivits i samverkan mellan 3 stycken projektledare fr\u00e5n Craftor, alla med sin detaljkunskap inom varje omr\u00e5de. <\/p>\n\n\n\n<figure class=\"wp-block-image size-full\"><img fetchpriority=\"high\" decoding=\"async\" width=\"720\" height=\"960\" src=\"https:\/\/media.craftor.se\/2021\/12\/Gubbangen-guld.jpg\" alt=\"\" class=\"wp-image-1603\" srcset=\"https:\/\/craftor.se\/wp-content\/uploads\/2021\/12\/Gubbangen-guld.jpg 720w, https:\/\/craftor.se\/wp-content\/uploads\/2021\/12\/Gubbangen-guld-480x640.jpg 480w\" sizes=\"(max-width: 720px) 100vw, 720px\" \/><figcaption>Byggnaden har gestaltats med en belyst fasadbekl\u00e4dnad som ger en h\u00e4ftig k\u00e4nsla. <\/figcaption><\/figure>","protected":false},"excerpt":{"rendered":"<p>Sedan maj 2020 ha projektet p\u00e5g\u00e5tt i Gubb\u00e4ngen d\u00e4r vi byggt en ny station \u00e5t v\u00e5r kund Ellevio. Idag st\u00e5r en f\u00e4rdig station redo att kopplas in i eln\u00e4tet! Syftet med stationen \u00e4r att hj\u00e4lpa Stockholms s\u00f6derf\u00f6rorter med framtidens elf\u00f6rs\u00f6rjning. Stationen avlastar andra stationer i omr\u00e5det och minskar risken f\u00f6r str\u00f6mavbrott. I det h\u00e4r projektet [&hellip;]<\/p>","protected":false},"author":1,"featured_media":1603,"comment_status":"closed","ping_status":"closed","sticky":false,"template":"","format":"standard","meta":{"_acf_changed":false,"footnotes":""},"categories":[27],"tags":[],"class_list":["post-1602","post","type-post","status-publish","format-standard","has-post-thumbnail","hentry","category-aktuellt"],"acf":[],"_links":{"self":[{"href":"https:\/\/craftor.se\/en\/wp-json\/wp\/v2\/posts\/1602","targetHints":{"allow":["GET"]}}],"collection":[{"href":"https:\/\/craftor.se\/en\/wp-json\/wp\/v2\/posts"}],"about":[{"href":"https:\/\/craftor.se\/en\/wp-json\/wp\/v2\/types\/post"}],"author":[{"embeddable":true,"href":"https:\/\/craftor.se\/en\/wp-json\/wp\/v2\/users\/1"}],"replies":[{"embeddable":true,"href":"https:\/\/craftor.se\/en\/wp-json\/wp\/v2\/comments?post=1602"}],"version-history":[{"count":0,"href":"https:\/\/craftor.se\/en\/wp-json\/wp\/v2\/posts\/1602\/revisions"}],"wp:featuredmedia":[{"embeddable":true,"href":"https:\/\/craftor.se\/en\/wp-json\/wp\/v2\/media\/1603"}],"wp:attachment":[{"href":"https:\/\/craftor.se\/en\/wp-json\/wp\/v2\/media?parent=1602"}],"wp:term":[{"taxonomy":"category","embeddable":true,"href":"https:\/\/craftor.se\/en\/wp-json\/wp\/v2\/categories?post=1602"},{"taxonomy":"post_tag","embeddable":true,"href":"https:\/\/craftor.se\/en\/wp-json\/wp\/v2\/tags?post=1602"}],"curies":[{"name":"wp","href":"https:\/\/api.w.org\/{rel}","templated":true}]}}