{"id":1815,"date":"2022-05-25T13:56:54","date_gmt":"2022-05-25T11:56:54","guid":{"rendered":"https:\/\/craftor.se\/?p=1815"},"modified":"2022-05-25T13:56:55","modified_gmt":"2022-05-25T11:56:55","slug":"vi-uppdaterar-elnatet-pa-ekero","status":"publish","type":"post","link":"https:\/\/craftor.se\/en\/vi-uppdaterar-elnatet-pa-ekero\/","title":{"rendered":"Vi uppdaterar eln\u00e4tet p\u00e5 Eker\u00f6"},"content":{"rendered":"<p>P\u00e5 Eker\u00f6 utanf\u00f6r Stockholm hittar vi projektledare Kjell Johansson och arbetsledare Mathias Samuelsson. H\u00e4r ska en 9 km l\u00e5ng 145 kV kabel f\u00f6rl\u00e4ggas i marken. Entreprenaden omfattar komplett installation inkl.schakt, f\u00f6rl\u00e4ggning, sj\u00f6kabelf\u00f6rl\u00e4ggning, montering och inkoppling av nya 145kV kabelf\u00f6rband<\/p>\n\n\n\n<p>&#8211;<em>De stora avst\u00e5nden g\u00f6r att det blir mycket tid i bilen p\u00e5 ett projekt som det h\u00e4r<\/em>, s\u00e4ger Mathias.<\/p>\n\n\n\n<p>Projektet startades upp i januari 2022 och \u00e4r planerat att vara slutf\u00f6rt i november i \u00e5r och syftet \u00e4r att ers\u00e4tta nuvarande luftkabel samt att f\u00f6rst\u00e4rka den kapaciteten som finns idag. Arbetet bedrivs genom flera olika milj\u00f6er som \u00e4ngar, f\u00e4lt, berg och vatten vilket inneb\u00e4r att helt olika typer av tillv\u00e4gag\u00e5ngss\u00e4tt m\u00e5ste anv\u00e4ndas.<\/p>\n\n\n\n<p>Dels har vi en UE som hj\u00e4lper oss att borra oss igenom berg och en annan UE hj\u00e4lper oss med sj\u00f6kabel i vatten.<\/p>\n\n\n\n<p>Med arbetets g\u00e5ng har ocks\u00e5 en del uppt\u00e4ckter gjorts, bland annat har en kabel planerats att f\u00f6rl\u00e4ggas precis p\u00e5 den plats d\u00e4r ett gammalt p\u00e4rontr\u00e4d st\u00e5r.<\/p>\n\n\n\n<p>&#8211;<em>Vi har gjort en liten justering d\u00e4r s\u00e5 att vi g\u00e5r runt tr\u00e4det ist\u00e4llet<\/em>, s\u00e4ger Mathias.<\/p>\n\n\n\n<p>Kjell har jobbat p\u00e5 Craftor sedan 2016 och har hunnit leda en del projekt sedan dess, men f\u00f6r Mathias som b\u00f6rjade p\u00e5 Craftor 2019 \u00e4r detta hans fj\u00e4rde projekt. Tre av de fyra projekten har Kjell och Mathias arbetat p\u00e5 tillsammans och det m\u00e4rks d\u00e5 de smidigt synkroniserar arbetet och uppdaterar varandra.<\/p>\n\n\n\n<p>&#8211;<em>Det \u00e4r helt klart en f\u00f6rdel med att vi \u00e4r vana att arbeta ihop, s\u00e4ger Kjell. Man l\u00e4r sig hur den andra arbetar och vem som g\u00f6r vad. Det g\u00f6r det helt klart mer effektivt, <\/em>s\u00e4ger Kjell.<\/p>","protected":false},"excerpt":{"rendered":"<p>P\u00e5 Eker\u00f6 utanf\u00f6r Stockholm hittar vi projektledare Kjell Johansson och arbetsledare Mathias Samuelsson. H\u00e4r ska en 9 km l\u00e5ng 145 kV kabel f\u00f6rl\u00e4ggas i marken. Entreprenaden omfattar komplett installation inkl.schakt, f\u00f6rl\u00e4ggning, sj\u00f6kabelf\u00f6rl\u00e4ggning, montering och inkoppling av nya 145kV kabelf\u00f6rband &#8211;De stora avst\u00e5nden g\u00f6r att det blir mycket tid i bilen p\u00e5 ett projekt som det [&hellip;]<\/p>","protected":false},"author":1,"featured_media":1817,"comment_status":"closed","ping_status":"closed","sticky":false,"template":"","format":"standard","meta":{"_acf_changed":false,"footnotes":""},"categories":[27],"tags":[],"class_list":["post-1815","post","type-post","status-publish","format-standard","has-post-thumbnail","hentry","category-aktuellt"],"acf":[],"_links":{"self":[{"href":"https:\/\/craftor.se\/en\/wp-json\/wp\/v2\/posts\/1815","targetHints":{"allow":["GET"]}}],"collection":[{"href":"https:\/\/craftor.se\/en\/wp-json\/wp\/v2\/posts"}],"about":[{"href":"https:\/\/craftor.se\/en\/wp-json\/wp\/v2\/types\/post"}],"author":[{"embeddable":true,"href":"https:\/\/craftor.se\/en\/wp-json\/wp\/v2\/users\/1"}],"replies":[{"embeddable":true,"href":"https:\/\/craftor.se\/en\/wp-json\/wp\/v2\/comments?post=1815"}],"version-history":[{"count":0,"href":"https:\/\/craftor.se\/en\/wp-json\/wp\/v2\/posts\/1815\/revisions"}],"wp:featuredmedia":[{"embeddable":true,"href":"https:\/\/craftor.se\/en\/wp-json\/wp\/v2\/media\/1817"}],"wp:attachment":[{"href":"https:\/\/craftor.se\/en\/wp-json\/wp\/v2\/media?parent=1815"}],"wp:term":[{"taxonomy":"category","embeddable":true,"href":"https:\/\/craftor.se\/en\/wp-json\/wp\/v2\/categories?post=1815"},{"taxonomy":"post_tag","embeddable":true,"href":"https:\/\/craftor.se\/en\/wp-json\/wp\/v2\/tags?post=1815"}],"curies":[{"name":"wp","href":"https:\/\/api.w.org\/{rel}","templated":true}]}}