{"id":2980,"date":"2023-09-28T09:33:07","date_gmt":"2023-09-28T07:33:07","guid":{"rendered":"https:\/\/craftor.se\/?p=2980"},"modified":"2023-10-10T10:33:53","modified_gmt":"2023-10-10T08:33:53","slug":"ett-forsta-spadtag-i-hyllie","status":"publish","type":"post","link":"https:\/\/craftor.se\/en\/ett-forsta-spadtag-i-hyllie\/","title":{"rendered":"Breaking Ground in Hyllie \u2013 A Milestone for Craftor"},"content":{"rendered":"<p>Den 30 augusti togs det f\u00f6rsta spadtaget f\u00f6r den nya transformatorstation som Craftor bygger tillsammans med E.ON. Den milj\u00f6v\u00e4nliga, SF6-fria n\u00e4tstationen kommer f\u00f6rst\u00e4rka eln\u00e4tet och f\u00f6rdubbla \u00f6verf\u00f6ringskapaciteten av el i Hyllie, Malm\u00f6.<\/p>\n\n\n\n<!--more-->\n\n\n\n<p> Den m\u00f6jligg\u00f6r anv\u00e4ndandet av den nya teknik som f\u00f6ljer energiomst\u00e4llningen s\u00e5som solceller, laddstolpar med mera.<\/p>\n\n\n\n<p>\u2013H\u00e5llbarhet \u00e4r riktv\u00e4rdet i allt det vi g\u00f6r. S\u00e5ledes gl\u00e4ds vi \u00f6ver f\u00f6rtroendet att bygga en SF6-fri anl\u00e4ggning och d\u00e4rmed bidra till att m\u00f6jligg\u00f6ra energiomst\u00e4llningen p\u00e5 det mest milj\u00f6m\u00e4ssiga s\u00e4ttet, s\u00e4ger Craftors VD, Henrik Bolinder.<\/p>\n\n\n\n<p><strong>L\u00e4s g\u00e4rna mer om projektet<\/strong><br><a href=\"https:\/\/www.energinyheter.se\/20230622\/29533\/eon-bygger-bort-flaskhals-el-i-hyllie\" target=\"_blank\" rel=\"noopener\">E.ON bygger bort flaskhals f\u00f6r el i Hyllie | ENERGInyheter.se<\/a><br><a href=\"https:\/\/www.instagram.com\/p\/CwnJ21cLu9n\/\" target=\"_blank\" rel=\"noopener\">Craftor We make power possible (@craftorab)<\/a><\/p>\n\n\n\n<figure class=\"wp-block-image aligncenter size-full\"><img fetchpriority=\"high\" decoding=\"async\" width=\"418\" height=\"589\" src=\"https:\/\/media.craftor.se\/2023\/09\/Hyllie.png\" alt=\"\" class=\"wp-image-2981\"\/><\/figure>\n\n\n\n<div style=\"height:100px\" aria-hidden=\"true\" class=\"wp-block-spacer\"><\/div>","protected":false},"excerpt":{"rendered":"<p>Den 30 augusti togs det f\u00f6rsta spadtaget f\u00f6r den nya transformatorstation som Craftor bygger tillsammans med E.ON. Den milj\u00f6v\u00e4nliga, SF6-fria n\u00e4tstationen kommer f\u00f6rst\u00e4rka eln\u00e4tet och f\u00f6rdubbla \u00f6verf\u00f6ringskapaciteten av el i Hyllie, Malm\u00f6.<\/p>","protected":false},"author":28,"featured_media":2981,"comment_status":"closed","ping_status":"open","sticky":false,"template":"","format":"standard","meta":{"_acf_changed":false,"footnotes":""},"categories":[27],"tags":[],"class_list":["post-2980","post","type-post","status-publish","format-standard","has-post-thumbnail","hentry","category-aktuellt"],"acf":[],"_links":{"self":[{"href":"https:\/\/craftor.se\/en\/wp-json\/wp\/v2\/posts\/2980","targetHints":{"allow":["GET"]}}],"collection":[{"href":"https:\/\/craftor.se\/en\/wp-json\/wp\/v2\/posts"}],"about":[{"href":"https:\/\/craftor.se\/en\/wp-json\/wp\/v2\/types\/post"}],"author":[{"embeddable":true,"href":"https:\/\/craftor.se\/en\/wp-json\/wp\/v2\/users\/28"}],"replies":[{"embeddable":true,"href":"https:\/\/craftor.se\/en\/wp-json\/wp\/v2\/comments?post=2980"}],"version-history":[{"count":0,"href":"https:\/\/craftor.se\/en\/wp-json\/wp\/v2\/posts\/2980\/revisions"}],"wp:featuredmedia":[{"embeddable":true,"href":"https:\/\/craftor.se\/en\/wp-json\/wp\/v2\/media\/2981"}],"wp:attachment":[{"href":"https:\/\/craftor.se\/en\/wp-json\/wp\/v2\/media?parent=2980"}],"wp:term":[{"taxonomy":"category","embeddable":true,"href":"https:\/\/craftor.se\/en\/wp-json\/wp\/v2\/categories?post=2980"},{"taxonomy":"post_tag","embeddable":true,"href":"https:\/\/craftor.se\/en\/wp-json\/wp\/v2\/tags?post=2980"}],"curies":[{"name":"wp","href":"https:\/\/api.w.org\/{rel}","templated":true}]}}