{"id":3164,"date":"2024-02-06T18:35:20","date_gmt":"2024-02-06T16:35:20","guid":{"rendered":"https:\/\/craftor.se\/?p=3164"},"modified":"2024-02-06T18:35:22","modified_gmt":"2024-02-06T16:35:22","slug":"craftor-ab-och-aik-fotboll-forlanger-samarbetet","status":"publish","type":"post","link":"https:\/\/craftor.se\/en\/craftor-ab-och-aik-fotboll-forlanger-samarbetet\/","title":{"rendered":"Craftor AB och AIK Fotboll f\u00f6rl\u00e4nger samarbetet!"},"content":{"rendered":"<p><strong>AIK Fotboll och Craftor AB \u00e4r \u00f6verens om en f\u00f6rl\u00e4ngning av avtalet. Det nya avtalet str\u00e4cker sig fram till den 31 december 2025. Under s\u00e4songen 2023 fanns Craftor med som tr\u00f6jsponsor f\u00f6r AIK:s representationslag \u2013 Craftor har i och med f\u00f6rl\u00e4ngningen valt att ut\u00f6ka sin exponering och kommer \u00e4ven synas till p\u00e5 ungdomslagens matchdr\u00e4kter.<\/strong><\/p>\n\n\n\n<p>\u2013 B\u00e5de AIK Fotboll och Craftor k\u00e4nde efter v\u00e5rt f\u00f6rsta \u00e5r tillsammans att en f\u00f6rl\u00e4ngning var helt naturlig. Att vi i samband med det \u00e4ven st\u00e4rker partnerskapet i dess inneh\u00e5ll och avtalsl\u00e4ngd g\u00f6r oss v\u00e4ldigt glada. Craftors st\u00f6d ger oss f\u00f6ruts\u00e4ttningar till att bygga framg\u00e5ngsrika s\u00e4songer tillsammans, s\u00e4ger AIK:s f\u00f6rs\u00e4ljningschef Johan Westin.<\/p>\n\n\n\n<p>\u2013 Efter ett fint f\u00f6rsta \u00e5r ihop med AIK fotboll d\u00e4r h\u00f6jdpunkten var damlagets fantastiska s\u00e4song och \u00e5tert\u00e5g till allsvenskan, s\u00e5 var en forts\u00e4ttning given f\u00f6r oss p\u00e5 Craftor. Tillsammans l\u00e4gger vi nu grunden i en l\u00e4ngre satsning f\u00f6r ett gott samh\u00e4lle d\u00e4r vi riktar en del av samarbetet mot AIK:s ungdomslag f\u00f6r att m\u00f6jligg\u00f6ra en&nbsp;tryggare och mer stabil tillvaro f\u00f6r alla ungdomar i AIK Fotbolls verksamhet, s\u00e4ger Henrik Bolinder VD Craftor AB.<\/p>\n\n\n\n<p>Craftor AB presenterades som ny huvudsponsor inf\u00f6r s\u00e4songen 2023, och efter ett fint samarbete under partnernas f\u00f6rsta \u00e5r har man nu kommit \u00f6verens om att f\u00f6rl\u00e4nga avtalet fram till den 31 december 2025. AIK Fotboll ser fram emot att forts\u00e4tta det fina samarbetet med Craftor AB \u00f6ver dem tv\u00e5 kommande s\u00e4songerna.<\/p>\n\n\n\n<p><\/p>","protected":false},"excerpt":{"rendered":"<p>AIK Fotboll och Craftor AB \u00e4r \u00f6verens om en f\u00f6rl\u00e4ngning av avtalet. Det nya avtalet str\u00e4cker sig fram till den 31 december 2025. Under s\u00e4songen 2023 fanns Craftor med som tr\u00f6jsponsor f\u00f6r AIK:s representationslag \u2013 Craftor har i och med f\u00f6rl\u00e4ngningen valt att ut\u00f6ka sin exponering och kommer \u00e4ven synas till p\u00e5 ungdomslagens matchdr\u00e4kter. \u2013 [&hellip;]<\/p>","protected":false},"author":38,"featured_media":3165,"comment_status":"closed","ping_status":"open","sticky":false,"template":"","format":"standard","meta":{"_acf_changed":false,"footnotes":""},"categories":[27,29],"tags":[],"class_list":["post-3164","post","type-post","status-publish","format-standard","has-post-thumbnail","hentry","category-aktuellt","category-current"],"acf":[],"_links":{"self":[{"href":"https:\/\/craftor.se\/en\/wp-json\/wp\/v2\/posts\/3164","targetHints":{"allow":["GET"]}}],"collection":[{"href":"https:\/\/craftor.se\/en\/wp-json\/wp\/v2\/posts"}],"about":[{"href":"https:\/\/craftor.se\/en\/wp-json\/wp\/v2\/types\/post"}],"author":[{"embeddable":true,"href":"https:\/\/craftor.se\/en\/wp-json\/wp\/v2\/users\/38"}],"replies":[{"embeddable":true,"href":"https:\/\/craftor.se\/en\/wp-json\/wp\/v2\/comments?post=3164"}],"version-history":[{"count":0,"href":"https:\/\/craftor.se\/en\/wp-json\/wp\/v2\/posts\/3164\/revisions"}],"wp:featuredmedia":[{"embeddable":true,"href":"https:\/\/craftor.se\/en\/wp-json\/wp\/v2\/media\/3165"}],"wp:attachment":[{"href":"https:\/\/craftor.se\/en\/wp-json\/wp\/v2\/media?parent=3164"}],"wp:term":[{"taxonomy":"category","embeddable":true,"href":"https:\/\/craftor.se\/en\/wp-json\/wp\/v2\/categories?post=3164"},{"taxonomy":"post_tag","embeddable":true,"href":"https:\/\/craftor.se\/en\/wp-json\/wp\/v2\/tags?post=3164"}],"curies":[{"name":"wp","href":"https:\/\/api.w.org\/{rel}","templated":true}]}}