{"id":894,"date":"2020-04-16T09:27:43","date_gmt":"2020-04-16T07:27:43","guid":{"rendered":"https:\/\/craftor.se\/?p=894"},"modified":"2020-04-28T14:24:41","modified_gmt":"2020-04-28T12:24:41","slug":"kabelforlaggning-i-sodra-stockholm","status":"publish","type":"post","link":"https:\/\/craftor.se\/en\/kabelforlaggning-i-sodra-stockholm\/","title":{"rendered":"Kabelf\u00f6rl\u00e4ggning i S\u00f6dra Stockholm"},"content":{"rendered":"<p><strong>I b\u00f6rjan av april tr\u00e4ffar vi Karl Hultman i Huddinge p\u00e5 ett av v\u00e5ra nystartade projekt. N\u00e4r vi \u00e4r p\u00e5 plats har projektet p\u00e5g\u00e5tt sedan mitten av mars och \u00e4r planerat att vara klart h\u00f6sten 2020. Arbetet handlar om att schakta ca 1 mil med totalt 12 deletapper, ca 300 skarvar och ca 70 l\u00e5gsp\u00e4nningssk\u00e5p. <\/strong><\/p>\n\n\n\n<p>Uppdraget har vi f\u00e5tt fr\u00e5n Vattenfall och grundar sig i att kablarna b\u00f6rjar f\u00e5 n\u00e5gra \u00e5r p\u00e5 nacken och d\u00e4rmed b\u00f6rjar bli i d\u00e5ligt skick. Det \u00e4r ett treeingprojekt vilket inneb\u00e4r att vi byter ut den gamla <a href=\"https:\/\/craftor.se\/en\/ledningar\/matbussen\/\">24kV kabeln som har diagnostiserats<\/a> och konstaterats ha kvalitetsproblem. Bekymren med kabeln inneb\u00e4r att den bryts ned och urladdas genom isoleringen i kabeln, vilket i sin tur kan leda till elfel i kabeln. N\u00e4r man \u00e4nd\u00e5 schaktar fram s\u00e5 mycket kabel s\u00e5 byts d\u00e5 \u00e4ven l\u00e5gsp\u00e4nningskablar och kabelsk\u00e5p. I b\u00f6rjan av april gr\u00e4ver vi tre str\u00e4ckor samtidigt med hj\u00e4lp av UE. I dagens l\u00e4ge \u00e4r situationen speciellt i och med Coronaviruset som sprids men projektledare Karl Hultman tycker inte att projektet har blivit p\u00e5verkat av detta.<\/p>\n\n\n\n<p>&#8211; <em>Vi har alla inomhusm\u00f6ten via Skype men utomhusm\u00f6ten p\u00e5 projekt k\u00f6r vi som vanligt. Vi h\u00e5ller avst\u00e5nd och h\u00e4lsar p\u00e5 varann utan kontakt. Det g\u00e5r bra, s\u00e4ger Kalle.<\/em><\/p>\n\n\n\n<p>F\u00f6r tillf\u00e4llet har vi endast UE p\u00e5 plats och de ber\u00e4ttar att de anv\u00e4nder flertalet olika hj\u00e4lpmedel f\u00f6r att underl\u00e4tta i arbetet s\u00e5 som lyftanordningar f\u00f6r kabel och sj\u00e4lvg\u00e5ende asfaltss\u00e5g. Ut\u00f6ver det skrivs en SJA (S\u00e4ker Jobb Analys) enligt Craftors SJA block och avst\u00e4mningar g\u00f6rs varje vecka med projektledare Kalle.<\/p>","protected":false},"excerpt":{"rendered":"<p>I b\u00f6rjan av april tr\u00e4ffar vi Karl Hultman i Huddinge p\u00e5 ett av v\u00e5ra nystartade projekt. N\u00e4r vi \u00e4r p\u00e5 plats har projektet p\u00e5g\u00e5tt sedan mitten av mars och \u00e4r planerat att vara klart h\u00f6sten 2020. Arbetet handlar om att schakta ca 1 mil med totalt 12 deletapper, ca 300 skarvar och ca 70 l\u00e5gsp\u00e4nningssk\u00e5p. [&hellip;]<\/p>","protected":false},"author":1,"featured_media":892,"comment_status":"closed","ping_status":"closed","sticky":false,"template":"","format":"standard","meta":{"_acf_changed":false,"footnotes":""},"categories":[27],"tags":[],"class_list":["post-894","post","type-post","status-publish","format-standard","has-post-thumbnail","hentry","category-aktuellt"],"acf":[],"_links":{"self":[{"href":"https:\/\/craftor.se\/en\/wp-json\/wp\/v2\/posts\/894","targetHints":{"allow":["GET"]}}],"collection":[{"href":"https:\/\/craftor.se\/en\/wp-json\/wp\/v2\/posts"}],"about":[{"href":"https:\/\/craftor.se\/en\/wp-json\/wp\/v2\/types\/post"}],"author":[{"embeddable":true,"href":"https:\/\/craftor.se\/en\/wp-json\/wp\/v2\/users\/1"}],"replies":[{"embeddable":true,"href":"https:\/\/craftor.se\/en\/wp-json\/wp\/v2\/comments?post=894"}],"version-history":[{"count":0,"href":"https:\/\/craftor.se\/en\/wp-json\/wp\/v2\/posts\/894\/revisions"}],"wp:featuredmedia":[{"embeddable":true,"href":"https:\/\/craftor.se\/en\/wp-json\/wp\/v2\/media\/892"}],"wp:attachment":[{"href":"https:\/\/craftor.se\/en\/wp-json\/wp\/v2\/media?parent=894"}],"wp:term":[{"taxonomy":"category","embeddable":true,"href":"https:\/\/craftor.se\/en\/wp-json\/wp\/v2\/categories?post=894"},{"taxonomy":"post_tag","embeddable":true,"href":"https:\/\/craftor.se\/en\/wp-json\/wp\/v2\/tags?post=894"}],"curies":[{"name":"wp","href":"https:\/\/api.w.org\/{rel}","templated":true}]}}