{"id":981,"date":"2020-05-19T06:58:03","date_gmt":"2020-05-19T04:58:03","guid":{"rendered":"https:\/\/craftor.se\/?p=981"},"modified":"2020-05-19T10:25:52","modified_gmt":"2020-05-19T08:25:52","slug":"ny-affarsomradeschef-till-stationer","status":"publish","type":"post","link":"https:\/\/craftor.se\/en\/ny-affarsomradeschef-till-stationer\/","title":{"rendered":"Ny Aff\u00e4rsomr\u00e5deschef till Stationer"},"content":{"rendered":"<p>Vi \u00e4r glada \u00f6ver att kunna meddela att Claes Forssman i maj tilltr\u00e4dde som ny Aff\u00e4rsomr\u00e5deschef f\u00f6r aff\u00e4rsomr\u00e5de Stationer. Claes kommer senast fr\u00e5n rollen som ansvarig f\u00f6r Ellevios projektverksamhet inom regionn\u00e4tsutbyggnaden i Stockholm och har en gedigen erfarenhet fr\u00e5n b\u00e5de stations- och ledningsprojekt. Claes och Craftor har sedan m\u00e5nga \u00e5r arbetet tillsammans i och med v\u00e5ra projekt i Stockholm och k\u00e4nner redan varandra v\u00e4l.<\/p>\n\n\n\n<p><em>&#8211; Att f\u00e5 m\u00f6jligheten att komma in i Craftor nu n\u00e4r hela energimarknaden st\u00e5r inf\u00f6r en stor omst\u00e4llning som kommer p\u00e5verka b\u00e5de v\u00e5ra kunder och oss k\u00e4nns v\u00e4ldigt sp\u00e4nnande och roligt. Arbetet med att forts\u00e4tta utveckla stationsverksamheten k\u00e4nns utmanande men v\u00e4ldigt stimulerande och relevant, s\u00e4ger Claes Forssman.<\/em><\/p>\n\n\n\n<p>Vi h\u00e4lsar Claes hj\u00e4rtligt v\u00e4lkommen och \u00f6nskar honom lycka till i sin nya roll h\u00e4r hos oss p\u00e5 Craftor!<\/p>\n\n\n\n<figure class=\"wp-block-image size-large\"><img fetchpriority=\"high\" decoding=\"async\" width=\"1067\" height=\"1600\" src=\"https:\/\/media.craftor.se\/2020\/05\/Claes-Forssman-1067x1600.jpg\" alt=\"Portr\u00e4ttbild av Claes Forssman\" class=\"wp-image-953\" srcset=\"https:\/\/craftor.se\/wp-content\/uploads\/2020\/05\/Claes-Forssman-1067x1600.jpg 1067w, https:\/\/craftor.se\/wp-content\/uploads\/2020\/05\/Claes-Forssman-427x640.jpg 427w, https:\/\/craftor.se\/wp-content\/uploads\/2020\/05\/Claes-Forssman-768x1152.jpg 768w, https:\/\/craftor.se\/wp-content\/uploads\/2020\/05\/Claes-Forssman-1024x1536.jpg 1024w, https:\/\/craftor.se\/wp-content\/uploads\/2020\/05\/Claes-Forssman-1365x2048.jpg 1365w, https:\/\/craftor.se\/wp-content\/uploads\/2020\/05\/Claes-Forssman-1280x1920.jpg 1280w, https:\/\/craftor.se\/wp-content\/uploads\/2020\/05\/Claes-Forssman-683x1024.jpg 683w, https:\/\/craftor.se\/wp-content\/uploads\/2020\/05\/Claes-Forssman-scaled.jpg 1707w\" sizes=\"(max-width: 1067px) 100vw, 1067px\" \/><\/figure>","protected":false},"excerpt":{"rendered":"<p>Vi \u00e4r glada \u00f6ver att kunna meddela att Claes Forssman i maj tilltr\u00e4dde som ny Aff\u00e4rsomr\u00e5deschef f\u00f6r aff\u00e4rsomr\u00e5de Stationer. Claes kommer senast fr\u00e5n rollen som ansvarig f\u00f6r Ellevios projektverksamhet inom regionn\u00e4tsutbyggnaden i Stockholm och har en gedigen erfarenhet fr\u00e5n b\u00e5de stations- och ledningsprojekt. Claes och Craftor har sedan m\u00e5nga \u00e5r arbetet tillsammans i och med [&hellip;]<\/p>","protected":false},"author":1,"featured_media":953,"comment_status":"closed","ping_status":"closed","sticky":false,"template":"","format":"standard","meta":{"_acf_changed":false,"footnotes":""},"categories":[27],"tags":[],"class_list":["post-981","post","type-post","status-publish","format-standard","has-post-thumbnail","hentry","category-aktuellt"],"acf":[],"_links":{"self":[{"href":"https:\/\/craftor.se\/en\/wp-json\/wp\/v2\/posts\/981","targetHints":{"allow":["GET"]}}],"collection":[{"href":"https:\/\/craftor.se\/en\/wp-json\/wp\/v2\/posts"}],"about":[{"href":"https:\/\/craftor.se\/en\/wp-json\/wp\/v2\/types\/post"}],"author":[{"embeddable":true,"href":"https:\/\/craftor.se\/en\/wp-json\/wp\/v2\/users\/1"}],"replies":[{"embeddable":true,"href":"https:\/\/craftor.se\/en\/wp-json\/wp\/v2\/comments?post=981"}],"version-history":[{"count":0,"href":"https:\/\/craftor.se\/en\/wp-json\/wp\/v2\/posts\/981\/revisions"}],"wp:featuredmedia":[{"embeddable":true,"href":"https:\/\/craftor.se\/en\/wp-json\/wp\/v2\/media\/953"}],"wp:attachment":[{"href":"https:\/\/craftor.se\/en\/wp-json\/wp\/v2\/media?parent=981"}],"wp:term":[{"taxonomy":"category","embeddable":true,"href":"https:\/\/craftor.se\/en\/wp-json\/wp\/v2\/categories?post=981"},{"taxonomy":"post_tag","embeddable":true,"href":"https:\/\/craftor.se\/en\/wp-json\/wp\/v2\/tags?post=981"}],"curies":[{"name":"wp","href":"https:\/\/api.w.org\/{rel}","templated":true}]}}